{"id":47,"date":"2023-02-02T15:37:58","date_gmt":"2023-02-02T18:37:58","guid":{"rendered":"https:\/\/kae.tec.br\/eletricista\/?p=47"},"modified":"2024-07-08T17:01:27","modified_gmt":"2024-07-08T20:01:27","slug":"tipos-de-condutores-eletricos-fios-e-cabos","status":"publish","type":"post","link":"https:\/\/kae.tec.br\/eletricista\/tipos-de-condutores-eletricos-fios-e-cabos\/","title":{"rendered":"Tipos de Condutores El\u00e9tricos &#8211; Fios e Cabos"},"content":{"rendered":"\n<p><\/p>\n\n\n\n<h2 class=\"wp-block-heading\">Tipos de Condutores el\u00e9tricos, fios, cabos e suas Caracter\u00edsticas<\/h2>\n\n\n\n<h2 class=\"wp-block-heading\">Fios e cabos n\u00e3o s\u00e3o a mesma coisa.<\/h2>\n\n\n\n<h2 class=\"wp-block-heading\">Fios:<\/h2>\n\n\n\n<figure class=\"wp-block-image size-full is-resized is-style-default\"><img loading=\"lazy\" decoding=\"async\" width=\"1024\" height=\"576\" src=\"https:\/\/kae.tec.br\/eletricista\/wp-content\/uploads\/2023\/02\/fios.png\" alt=\"Fios r\u00edgido\" class=\"wp-image-48\" style=\"width:768px;height:432px\" srcset=\"https:\/\/kae.tec.br\/eletricista\/wp-content\/uploads\/2023\/02\/fios.png 1024w, https:\/\/kae.tec.br\/eletricista\/wp-content\/uploads\/2023\/02\/fios-300x169.png 300w, https:\/\/kae.tec.br\/eletricista\/wp-content\/uploads\/2023\/02\/fios-768x432.png 768w, https:\/\/kae.tec.br\/eletricista\/wp-content\/uploads\/2023\/02\/fios-540x304.png 540w\" sizes=\"auto, (max-width: 1024px) 100vw, 1024px\" \/><\/figure>\n\n\n\n<h4 class=\"wp-block-heading\">Um fio possui apenas um condutor, popularmente conhecido como fio r\u00edgido. <\/h4>\n\n\n\n<p><strong>O fio r\u00edgido faz parte da Classe 1<\/strong><\/p>\n\n\n\n<p>Os fios foram muito utilizados no passado, mas acabaram perdendo mercado para o cabo, que \u00e9 composto por mais de um fio.<\/p>\n\n\n\n<p>Quanto mais filamentos o cabo possui mais flexibilidade ele tem e mais pr\u00e1tico ser\u00e1 sua utiliza\u00e7\u00e3o.<\/p>\n\n\n\n<h3 class=\"wp-block-heading\">Cabo r\u00edgido e cabo flex\u00edvel:<\/h3>\n\n\n\n<figure class=\"wp-block-image size-full is-resized\"><img loading=\"lazy\" decoding=\"async\" width=\"1024\" height=\"576\" src=\"https:\/\/kae.tec.br\/eletricista\/wp-content\/uploads\/2023\/02\/cabos.png\" alt=\"cabos, r\u00edgido e flex\u00edvel\" class=\"wp-image-49\" style=\"width:768px;height:432px\" srcset=\"https:\/\/kae.tec.br\/eletricista\/wp-content\/uploads\/2023\/02\/cabos.png 1024w, https:\/\/kae.tec.br\/eletricista\/wp-content\/uploads\/2023\/02\/cabos-300x169.png 300w, https:\/\/kae.tec.br\/eletricista\/wp-content\/uploads\/2023\/02\/cabos-768x432.png 768w, https:\/\/kae.tec.br\/eletricista\/wp-content\/uploads\/2023\/02\/cabos-540x304.png 540w\" sizes=\"auto, (max-width: 1024px) 100vw, 1024px\" \/><\/figure>\n\n\n\n<h4 class=\"wp-block-heading\">Cabos possuem mais de um filamento.<\/h4>\n\n\n\n<p>Importante dizer que existem cabos r\u00edgidos e cabos flex\u00edveis.<\/p>\n\n\n\n<h3 class=\"wp-block-heading\">Cabos r\u00edgidos<\/h3>\n\n\n\n<p>Os Cabos r\u00edgidos possuem uma quantidade menor de fios, cerca de 7 fios para cabos que v\u00e3o de 4mm\u00b2 at\u00e9 35mm\u00b2. <\/p>\n\n\n\n<p><strong>Estes cabos r\u00edgidos fazem parte da classe 2<\/strong><\/p>\n\n\n\n<h3 class=\"wp-block-heading\">Cabos Flex\u00edveis<\/h3>\n\n\n\n<p>Os cabos flex\u00edveis possuem uma maior quantidade de fios entrela\u00e7ados entre si o que os torna mais male\u00e1veis e f\u00e1ceis de se trabalhar.<\/p>\n\n\n\n<p>Os cabos ganharam popularidade devido sua flexibilidade, maior facilidade de instala\u00e7\u00e3o e manuseio e menor custo nos dias atuais.<\/p>\n\n\n\n<p>A capacidade de corrente de um fio r\u00edgido de 2,5mm e de um cabo flex\u00edvel de 2,5mm, ou que sejam da mesma se\u00e7\u00e3o nominal independente do valor, ter\u00e3o a mesma capacidade.<\/p>\n\n\n\n<p>A corrente n\u00e3o ser\u00e1 afetada se utilizar um fio r\u00edgido ou o cabo flex\u00edvel com as mesmas se\u00e7\u00f5es nominais.<\/p>\n\n\n\n<p>Um fio como j\u00e1 sabemos \u00e9 aquele que possui apenas um condutor, j\u00e1 o cabo \u00e9 composto por mais de um condutor como ilustrado nas imagens acima.<\/p>\n\n\n\n<figure class=\"wp-block-image size-full is-resized\"><img loading=\"lazy\" decoding=\"async\" width=\"1024\" height=\"576\" src=\"https:\/\/kae.tec.br\/eletricista\/wp-content\/uploads\/2023\/02\/fio-e-cabo.png\" alt=\"dois cabos de 4mm de se\u00e7\u00e3o nominal\" class=\"wp-image-50\" style=\"width:768px;height:432px\" srcset=\"https:\/\/kae.tec.br\/eletricista\/wp-content\/uploads\/2023\/02\/fio-e-cabo.png 1024w, https:\/\/kae.tec.br\/eletricista\/wp-content\/uploads\/2023\/02\/fio-e-cabo-300x169.png 300w, https:\/\/kae.tec.br\/eletricista\/wp-content\/uploads\/2023\/02\/fio-e-cabo-768x432.png 768w, https:\/\/kae.tec.br\/eletricista\/wp-content\/uploads\/2023\/02\/fio-e-cabo-540x304.png 540w\" sizes=\"auto, (max-width: 1024px) 100vw, 1024px\" \/><\/figure>\n\n\n\n<h2 class=\"wp-block-heading\">Se\u00e7\u00f5es Nominais, &#8220;<strong><em><a href=\"https:\/\/kae.tec.br\/eletricista\/capacidade-de-corrente-suportada-pelos-cabos-eletricos\/\" data-type=\"link\" data-id=\"https:\/\/kae.tec.br\/eletricista\/capacidade-de-corrente-suportada-pelos-cabos-eletricos\">bitolas<\/a><\/em><\/strong>&#8220;<\/h2>\n\n\n\n<figure class=\"wp-block-image size-full is-resized\"><img loading=\"lazy\" decoding=\"async\" width=\"1024\" height=\"576\" src=\"https:\/\/kae.tec.br\/eletricista\/wp-content\/uploads\/2023\/02\/secao-nominal.png\" alt=\"se\u00e7\u00e3o nominal e di\u00e2metro\" class=\"wp-image-51\" style=\"width:768px;height:432px\" srcset=\"https:\/\/kae.tec.br\/eletricista\/wp-content\/uploads\/2023\/02\/secao-nominal.png 1024w, https:\/\/kae.tec.br\/eletricista\/wp-content\/uploads\/2023\/02\/secao-nominal-300x169.png 300w, https:\/\/kae.tec.br\/eletricista\/wp-content\/uploads\/2023\/02\/secao-nominal-768x432.png 768w, https:\/\/kae.tec.br\/eletricista\/wp-content\/uploads\/2023\/02\/secao-nominal-540x304.png 540w\" sizes=\"auto, (max-width: 1024px) 100vw, 1024px\" \/><\/figure>\n\n\n\n<h2 class=\"wp-block-heading\">Se\u00e7\u00e3o nominal n\u00e3o \u00e9 o mesmo que o di\u00e2metro do cabo<\/h2>\n\n\n\n<p>Se\u00e7\u00e3o nominal n\u00e3o tem haver com seu tamanho f\u00edsico.<\/p>\n\n\n\n<p>A se\u00e7\u00e3o nominal est\u00e1 relacionada com a resist\u00eancia <a href=\"https:\/\/kae.tec.br\/\">el\u00e9trica<\/a>.<\/p>\n\n\n\n<p>Quanto maior a se\u00e7\u00e3o nominal do condutor menor a resist\u00eancia el\u00e9trica.<\/p>\n\n\n\n<p>Quanto maior a resist\u00eancia el\u00e9trica menor a capacidade de conduzir corrente.<\/p>\n\n\n\n<h2 class=\"wp-block-heading\">Os cabos mais utilizados em uma instala\u00e7\u00e3o residencial, predial:<\/h2>\n\n\n\n<p>Segundo a norma NBR 5410, circuitos de <a href=\"https:\/\/kae.tec.br\/eletricista\/decore-e-transforme-seu-ambiente-com-luzes\/\" data-type=\"URL\" data-id=\"https:\/\/kae.tec.br\/eletricista\/decore-e-transforme-seu-ambiente-com-luzes\/\">ilumina\u00e7\u00e3o<\/a> devem utilizar no m\u00ednimo se\u00e7\u00e3o nominal de 1,5mm\u00b2 para <a href=\"https:\/\/kae.tec.br\/eletricista\/capacidade-de-corrente-suportada-pelos-cabos-eletricos\" data-type=\"link\" data-id=\"https:\/\/kae.tec.br\/eletricista\/capacidade-de-corrente-suportada-pelos-cabos-eletricos\"><strong><em>condutores de cobre<\/em><\/strong><\/a>.<\/p>\n\n\n\n<p>Para circuitos de tomadas o m\u00ednimo exigido \u00e9 de 2,5mm\u00b2 para condutores de cobre.<\/p>\n\n\n\n<p>Circuitos TUE, tomada para uso espec\u00edfico, devem ser dimensionados de acordo com a pot\u00eancia do aparelho, seja um chuveiro, um forno, etc.<\/p>\n\n\n\n<hr class=\"wp-block-separator has-alpha-channel-opacity\"\/>\n\n\n\n<p>Veja tamb\u00e9m: <a href=\"https:\/\/kae.tec.br\/eletricista\/multiplos-e-submultiplos-na-eletrica\/\" data-type=\"URL\" data-id=\"https:\/\/kae.tec.br\/eletricista\/multiplos-e-submultiplos-na-eletrica\/\">M\u00faltiplos e Subm\u00faltiplos<\/a><\/p>\n\n\n\n<a href=\"https:\/\/kae.tec.br\/\" title=\"Eletricista\"><img loading=\"lazy\" decoding=\"async\" src=\"https:\/\/kae.tec.br\/wp-content\/uploads\/share\/eletricista-txt.png\" alt=\"Eletricista\" width=\"98\" height=\"23\" title=\"Eletricista\"\/><\/a>\n","protected":false},"excerpt":{"rendered":"<p>Fios e cabos s\u00e3o condutores el\u00e9tricos. Fios possuem um \u00fanico condutor, enquanto cabos t\u00eam v\u00e1rios filamentos. A se\u00e7\u00e3o nominal dos cabos n\u00e3o est\u00e1 relacionada ao tamanho f\u00edsico, mas \u00e0 capacidade de conduzir corrente. Em instala\u00e7\u00f5es residenciais, os cabos mais comuns t\u00eam 1,5mm\u00b2 para ilumina\u00e7\u00e3o e 2,5mm\u00b2 para tomadas, seguindo a norma NBR 5410.<\/p>\n","protected":false},"author":2,"featured_media":825,"comment_status":"open","ping_status":"open","sticky":false,"template":"","format":"standard","meta":{"_seopress_robots_primary_cat":"none","_seopress_titles_title":"Tipos de Condutores El\u00e9tricos - Fios e Cabos - Eletricista","_seopress_titles_desc":"Uma pequena mostra dos tipos de condutores el\u00e9tricos que temos no mercado e suas principais aplica\u00e7\u00f5es.","_seopress_robots_index":"","footnotes":""},"categories":[6],"tags":[5,4],"class_list":["post-47","post","type-post","status-publish","format-standard","has-post-thumbnail","hentry","category-condutores-eletricos","tag-cabos","tag-fios"],"_links":{"self":[{"href":"https:\/\/kae.tec.br\/eletricista\/wp-json\/wp\/v2\/posts\/47","targetHints":{"allow":["GET"]}}],"collection":[{"href":"https:\/\/kae.tec.br\/eletricista\/wp-json\/wp\/v2\/posts"}],"about":[{"href":"https:\/\/kae.tec.br\/eletricista\/wp-json\/wp\/v2\/types\/post"}],"author":[{"embeddable":true,"href":"https:\/\/kae.tec.br\/eletricista\/wp-json\/wp\/v2\/users\/2"}],"replies":[{"embeddable":true,"href":"https:\/\/kae.tec.br\/eletricista\/wp-json\/wp\/v2\/comments?post=47"}],"version-history":[{"count":33,"href":"https:\/\/kae.tec.br\/eletricista\/wp-json\/wp\/v2\/posts\/47\/revisions"}],"predecessor-version":[{"id":1644,"href":"https:\/\/kae.tec.br\/eletricista\/wp-json\/wp\/v2\/posts\/47\/revisions\/1644"}],"wp:featuredmedia":[{"embeddable":true,"href":"https:\/\/kae.tec.br\/eletricista\/wp-json\/wp\/v2\/media\/825"}],"wp:attachment":[{"href":"https:\/\/kae.tec.br\/eletricista\/wp-json\/wp\/v2\/media?parent=47"}],"wp:term":[{"taxonomy":"category","embeddable":true,"href":"https:\/\/kae.tec.br\/eletricista\/wp-json\/wp\/v2\/categories?post=47"},{"taxonomy":"post_tag","embeddable":true,"href":"https:\/\/kae.tec.br\/eletricista\/wp-json\/wp\/v2\/tags?post=47"}],"curies":[{"name":"wp","href":"https:\/\/api.w.org\/{rel}","templated":true}]}}