{"id":1194,"date":"2023-12-24T08:25:18","date_gmt":"2023-12-24T11:25:18","guid":{"rendered":"https:\/\/kae.tec.br\/eletricista\/?p=1194"},"modified":"2024-05-28T08:00:59","modified_gmt":"2024-05-28T11:00:59","slug":"guglielmo-marconi-e-a-revolucao-da-comunicacao-sem-fio","status":"publish","type":"post","link":"https:\/\/kae.tec.br\/eletricista\/guglielmo-marconi-e-a-revolucao-da-comunicacao-sem-fio\/","title":{"rendered":"Guglielmo Marconi e a Revolu\u00e7\u00e3o da Comunica\u00e7\u00e3o Sem Fio"},"content":{"rendered":"\n<figure class=\"wp-block-image size-full\"><img loading=\"lazy\" decoding=\"async\" width=\"1024\" height=\"600\" src=\"https:\/\/kae.tec.br\/eletricista\/wp-content\/uploads\/2023\/12\/primeira-transmissao-de-radio.webp\" alt=\"Primeira Transmiss\u00e3o de R\u00e1dio Transatl\u00e2ntica\" class=\"wp-image-1201\" srcset=\"https:\/\/kae.tec.br\/eletricista\/wp-content\/uploads\/2023\/12\/primeira-transmissao-de-radio.webp 1024w, https:\/\/kae.tec.br\/eletricista\/wp-content\/uploads\/2023\/12\/primeira-transmissao-de-radio-300x176.webp 300w, https:\/\/kae.tec.br\/eletricista\/wp-content\/uploads\/2023\/12\/primeira-transmissao-de-radio-768x450.webp 768w\" sizes=\"auto, (max-width: 1024px) 100vw, 1024px\" \/><\/figure>\n\n\n\n<h2 class=\"wp-block-heading\"><strong>Nascimento e Inova\u00e7\u00f5es Iniciais<\/strong><\/h2>\n\n\n\n<p>Guglielmo Marconi, nascido em 1874 na It\u00e1lia, \u00e9 reconhecido como um dos pioneiros fundamentais no desenvolvimento da tecnologia de r\u00e1dio.<br>Sua not\u00e1vel contribui\u00e7\u00e3o inclui a inven\u00e7\u00e3o de um sistema de telegrafia <a href=\"https:\/\/kae.tec.br\/eletricista\/o-que-e-internet-5g-e-qual-a-diferenca-para-a-internet-4g\/\" data-type=\"link\" data-id=\"https:\/\/kae.tec.br\/eletricista\/o-que-e-internet-5g-e-qual-a-diferenca-para-a-internet-4g\/\"><em><strong>sem fio<\/strong><\/em><\/a> que utilizava ondas de r\u00e1dio para transmitir mensagens, resultando na obten\u00e7\u00e3o da primeira patente para um sistema de r\u00e1dio em 1896.<\/p>\n\n\n\n<h2 class=\"wp-block-heading\"><strong>O Auge de Marconi em 1901: Transmiss\u00e3o Transatl\u00e2ntica<\/strong><\/h2>\n\n\n\n<p>A visibilidade de Marconi alcan\u00e7ou seu auge em 1901, quando realizou com sucesso uma transmiss\u00e3o transatl\u00e2ntica, conectando a esta\u00e7\u00e3o de transmiss\u00e3o em Poldhu, Cornwall, Inglaterra, a St. John&#8217;s, Terra Nova, Canad\u00e1.<br>Essa conquista hist\u00f3rica consolidou sua reputa\u00e7\u00e3o como l\u00edder na aplica\u00e7\u00e3o pr\u00e1tica da comunica\u00e7\u00e3o sem fio.<\/p>\n\n\n\n<h3 class=\"wp-block-heading\"><em>Propaga\u00e7\u00e3o Ionosf\u00e9rica e Avan\u00e7o Tecnol\u00f3gico<\/em><\/h3>\n\n\n\n<p>Um elemento crucial desse feito foi a utiliza\u00e7\u00e3o da propaga\u00e7\u00e3o ionosf\u00e9rica, uma caracter\u00edstica da ionosfera que permitiu a reflex\u00e3o das ondas de r\u00e1dio, ultrapassando a curvatura da Terra.<br>Essa t\u00e9cnica eliminou a necessidade de visada direta entre as antenas transmissora e receptora, abrindo caminho para comunica\u00e7\u00f5es de longa dist\u00e2ncia.<\/p>\n\n\n\n<h2 class=\"wp-block-heading\"><strong>Reconhecimento Internacional e Pr\u00eamio Nobel em 1909<\/strong><\/h2>\n\n\n\n<p>Reconhecimento internacional veio em 1909, quando Marconi foi laureado com o Pr\u00eamio Nobel de F\u00edsica, compartilhado com Karl Braun, em virtude de suas contribui\u00e7\u00f5es para o desenvolvimento da telegrafia sem fio.<\/p>\n\n\n\n<h3 class=\"wp-block-heading\"><strong>Mensagem de 1901 e o Impacto na Radiodifus\u00e3o<\/strong><\/h3>\n\n\n\n<p>Na mensagem transmitida em 1901, Marconi escolheu a letra &#8220;S&#8221; em c\u00f3digo Morse (dot-dot-dot), uma escolha simples e reconhec\u00edvel.<br>Essa transmiss\u00e3o n\u00e3o apenas marcou um triunfo t\u00e9cnico, mas tamb\u00e9m abriu as portas para o desenvolvimento da radiodifus\u00e3o e da comunica\u00e7\u00e3o sem fio moderna.<\/p>\n\n\n\n<h3 class=\"wp-block-heading\"><strong>Legado Duradouro na Ind\u00fastria de Comunica\u00e7\u00f5es<\/strong><\/h3>\n\n\n\n<p>O legado de Marconi na ind\u00fastria de comunica\u00e7\u00f5es continuou com a funda\u00e7\u00e3o da Marconi Company.<br>Suas inova\u00e7\u00f5es moldaram a forma como nos comunicamos, proporcionando uma base essencial para o mundo interconectado em que vivemos.<\/p>\n\n\n\n<h3 class=\"wp-block-heading\"><em><strong>Controv\u00e9rsias e Reconhecimento Coletivo<\/strong><\/em><\/h3>\n\n\n\n<p>Entretanto, a inven\u00e7\u00e3o do r\u00e1dio \u00e9 um tema controverso.<br>Diversos cientistas e inventores, como <a href=\"https:\/\/kae.tec.br\/eletricista\/nikola-tesla-o-mago-de-eletricidade\/\" data-type=\"link\" data-id=\"https:\/\/kae.tec.br\/eletricista\/nikola-tesla-o-mago-de-eletricidade\/\">Nikola Tesla<\/a>, contribu\u00edram para o seu desenvolvimento, tornando a quest\u00e3o de quem realmente &#8220;inventou&#8221; o r\u00e1dio objeto de debate.<br>Marconi \u00e9 frequentemente creditado por suas realiza\u00e7\u00f5es pr\u00e1ticas e patentes, mas \u00e9 crucial reconhecer que a inven\u00e7\u00e3o do r\u00e1dio foi um esfor\u00e7o colaborativo, com v\u00e1rias mentes brilhantes ao redor do mundo contribuindo para moldar essa tecnologia fundamental.<\/p>\n\n\n\n<hr class=\"wp-block-separator has-text-color has-alpha-channel-opacity has-background is-style-wide\" style=\"background-color:#f7a66d;color:#f7a66d\"\/>\n\n\n\n<a href=\"https:\/\/kae.tec.br\/\" title=\"Servi\u00e7os de eletricista\"><img loading=\"lazy\" decoding=\"async\" src=\"https:\/\/kae.tec.br\/wp-content\/uploads\/share\/kae-hrz.png\" alt=\"Servi\u00e7os de eletricista\" width=\"80\" height=\"8\" title=\"Servi\u00e7os de eletricista\"\/><\/a>\n","protected":false},"excerpt":{"rendered":"<p>Nascimento e Inova\u00e7\u00f5es Iniciais Guglielmo Marconi, nascido em 1874 na It\u00e1lia, \u00e9 reconhecido como um dos pioneiros fundamentais no desenvolvimento da tecnologia de r\u00e1dio.Sua not\u00e1vel contribui\u00e7\u00e3o inclui a inven\u00e7\u00e3o de um sistema de telegrafia sem fio que utilizava ondas de r\u00e1dio para transmitir mensagens, resultando na obten\u00e7\u00e3o da primeira patente para um sistema de r\u00e1dio &#8230; <a title=\"Guglielmo Marconi e a Revolu\u00e7\u00e3o da Comunica\u00e7\u00e3o Sem Fio\" class=\"read-more\" href=\"https:\/\/kae.tec.br\/eletricista\/guglielmo-marconi-e-a-revolucao-da-comunicacao-sem-fio\/\" aria-label=\"Read more about Guglielmo Marconi e a Revolu\u00e7\u00e3o da Comunica\u00e7\u00e3o Sem Fio\">Ler mais<\/a><\/p>\n","protected":false},"author":2,"featured_media":1242,"comment_status":"open","ping_status":"open","sticky":false,"template":"","format":"standard","meta":{"_seopress_robots_primary_cat":"none","_seopress_titles_title":"Guglielmo Marconi e a Revolu\u00e7\u00e3o da Comunica\u00e7\u00e3o Sem Fio","_seopress_titles_desc":"Guglielmo Marconi, italiano, inventou e aprimorou a comunica\u00e7\u00e3o sem fio, realizando a primeira transmiss\u00e3o transatl\u00e2ntica, iniciando a era do r\u00e1dio.","_seopress_robots_index":"","footnotes":""},"categories":[23],"tags":[25],"class_list":["post-1194","post","type-post","status-publish","format-standard","has-post-thumbnail","hentry","category-personagens","tag-cientistas-e-inventores"],"_links":{"self":[{"href":"https:\/\/kae.tec.br\/eletricista\/wp-json\/wp\/v2\/posts\/1194","targetHints":{"allow":["GET"]}}],"collection":[{"href":"https:\/\/kae.tec.br\/eletricista\/wp-json\/wp\/v2\/posts"}],"about":[{"href":"https:\/\/kae.tec.br\/eletricista\/wp-json\/wp\/v2\/types\/post"}],"author":[{"embeddable":true,"href":"https:\/\/kae.tec.br\/eletricista\/wp-json\/wp\/v2\/users\/2"}],"replies":[{"embeddable":true,"href":"https:\/\/kae.tec.br\/eletricista\/wp-json\/wp\/v2\/comments?post=1194"}],"version-history":[{"count":9,"href":"https:\/\/kae.tec.br\/eletricista\/wp-json\/wp\/v2\/posts\/1194\/revisions"}],"predecessor-version":[{"id":1574,"href":"https:\/\/kae.tec.br\/eletricista\/wp-json\/wp\/v2\/posts\/1194\/revisions\/1574"}],"wp:featuredmedia":[{"embeddable":true,"href":"https:\/\/kae.tec.br\/eletricista\/wp-json\/wp\/v2\/media\/1242"}],"wp:attachment":[{"href":"https:\/\/kae.tec.br\/eletricista\/wp-json\/wp\/v2\/media?parent=1194"}],"wp:term":[{"taxonomy":"category","embeddable":true,"href":"https:\/\/kae.tec.br\/eletricista\/wp-json\/wp\/v2\/categories?post=1194"},{"taxonomy":"post_tag","embeddable":true,"href":"https:\/\/kae.tec.br\/eletricista\/wp-json\/wp\/v2\/tags?post=1194"}],"curies":[{"name":"wp","href":"https:\/\/api.w.org\/{rel}","templated":true}]}}